{"id":7687,"date":"2026-04-29T02:41:39","date_gmt":"2026-04-29T01:41:39","guid":{"rendered":"https:\/\/www.2daagse.be\/?p=7687"},"modified":"2026-04-29T02:41:44","modified_gmt":"2026-04-29T01:41:44","slug":"infos-pratiques","status":"publish","type":"post","link":"https:\/\/www.2daagse.be\/fr\/2026\/04\/29\/infos-pratiques\/","title":{"rendered":"Infos Pratiques !"},"content":{"rendered":"\n<p><\/p>\n\n<p>Nous serons ravis de vous accueillir prochainement \u00e0 la 54e \u00e9dition de la Randonn\u00e9e de Deux Jours de Blankenberge.<\/p>\n\n<p>Vous trouverez ci-dessous un bref aper\u00e7u des principales informations pratiques.<\/p>\n\n<h2 class=\"wp-block-heading\">Chercher votre carte de d\u00e9part<\/h2>\n<div class=\"wp-block-image\">\n<figure class=\"aligncenter size-full\"><img data-recalc-dims=\"1\" loading=\"lazy\" decoding=\"async\" width=\"580\" height=\"326\" src=\"https:\/\/i0.wp.com\/www.2daagse.be\/wp-content\/uploads\/2026\/04\/2026-Startkaarten-768-x-432.png?resize=580%2C326&#038;ssl=1\" alt=\"Tweedaagse Voettocht Blankenberge - Startkaarten en polsbandjes\" class=\"wp-image-7679\" srcset=\"https:\/\/i0.wp.com\/www.2daagse.be\/wp-content\/uploads\/2026\/04\/2026-Startkaarten-768-x-432.png?w=768&amp;ssl=1 768w, https:\/\/i0.wp.com\/www.2daagse.be\/wp-content\/uploads\/2026\/04\/2026-Startkaarten-768-x-432.png?resize=300%2C169&amp;ssl=1 300w\" sizes=\"auto, (max-width: 580px) 100vw, 580px\" \/><\/figure>\n<\/div>\n<p>Vous vous \u00eates pr\u00e9inscrit ? Dans ce cas, vous devez encore venir retirer votre carte de d\u00e9part. <\/p>\n\n<p>En plus de ta carte de d\u00e9part, tu recevras un bracelet indiquant le parcours que tu vas marcher.<\/p>\n\n<p>N&rsquo;oubliez pas d&rsquo;apporter :<\/p>\n\n<ul class=\"wp-block-list\">\n<li>ton e-mail de confirmation avec le code QR<\/li>\n\n\n\n<li>sur papier ou sur votre smartphone<\/li>\n\n\n\n<li>assurez-vous que le code QR soit bien lisible<\/li>\n<\/ul>\n\n<p>C&rsquo;est ainsi que tu as \u00e9galement re\u00e7u tes options \u00e9ventuelles, telles que :<\/p>\n\n<ul class=\"wp-block-list\">\n<li>overnachting<\/li>\n\n\n\n<li>petit-d\u00e9jeuner<\/li>\n\n\n\n<li>T-shirt<\/li>\n\n\n\n<li>transport en bus sur 50 km<\/li>\n<\/ul>\n\n<p>Vous l&rsquo;avez \u00e9gar\u00e9 ? Dans ce cas, nous rechercherons votre inscription sur place. <\/p>\n\n<h3 class=\"wp-block-heading\"><strong>Le retrait est possible le vendredi 1er mai<\/strong><\/h3>\n\n<ul class=\"wp-block-list\">\n<li>de 15 h \u00e0 19 h<\/li>\n\n\n\n<li>au point de d\u00e9part de Maerlant \u00e0 Blankenberge (Vredelaan ; Blankenberge &#8211; <a href=\"https:\/\/www.google.be\/maps\/search\/51.309237,+3.126236?entry=tts&amp;g_ep=EgoyMDI2MDMyNC4wIPu8ASoASAFQAw%3D%3D&amp;skid=18ed0986-88d9-4568-8dca-602c8762c8e4\">carte<\/a>)<\/li>\n<\/ul>\n\n<h3 class=\"wp-block-heading\"><strong>Vous pouvez \u00e9galement venir chercher votre carte de d\u00e9part le samedi 2 ou le dimanche 3 mai<\/strong><\/h3>\n\n<ul class=\"wp-block-list\">\n<li>\u00e0 partir de 7 h \u00e0 Blankenberge pour les parcours de 7, 15, 24 et 32 km (Vredelaan ; Blankenberge &#8211; <a href=\"https:\/\/www.google.be\/maps\/search\/51.309237,+3.126236?entry=tts&amp;g_ep=EgoyMDI2MDMyNC4wIPu8ASoASAFQAw%3D%3D&amp;skid=18ed0986-88d9-4568-8dca-602c8762c8e4\">carte<\/a>)<\/li>\n\n\n\n<li>\u00e0 partir de 6 h 30 \u00e0 Knokke pour le 50 km du samedi (Lippensplein 1a ; Knokke-Heist &#8211; <a href=\"https:\/\/www.google.com\/maps\/place\/Margaretacentrum\/@51.3408067,3.2870507,18z\/data=!4m6!3m5!1s0x47c4a7bae204e203:0xcc3eae4051680917!8m2!3d51.3415513!4d3.2869626!16s%2Fg%2F11hdz8bthv?entry=tts&amp;g_ep=EgoyMDI2MDMyNC4wIPu8ASoASAFQAw%3D%3D&amp;skid=4a8dc7e2-24d0-4f8d-a9b9-cebcabfe272c\">carte<\/a>)<\/li>\n<\/ul>\n\n<h4 class=\"wp-block-heading\"><strong>Tu participes \u00e0 la marche de 50 km et tu prends le bus de randonn\u00e9e au d\u00e9part de Blankenberge ?<\/strong><\/h4>\n\n<p>Veuillez retirer votre carte de d\u00e9part et votre ticket de bus <em>de pr\u00e9f\u00e9rence<\/em> d\u00e8s le <strong>vendredi<\/strong> \u00e0 Blankenberge. Le bus pour Knokke part le samedi \u00e0 <strong>6 h 30 pr\u00e9cises<\/strong> devant la mairie de Blankenberge. Il n&rsquo;y aura donc gu\u00e8re, voire pas du tout, de temps le samedi matin pour aller retirer votre carte de d\u00e9part \u00e0 Blankenberge.  <\/p>\n\n<p>Vous trouverez plus d&rsquo;informations sur le bus ci-dessous.<\/p>\n\n<p>Plus d&rsquo;informations : <a href=\"https:\/\/www.2daagse.be\/fr\/sinscrire\/je-bent-ingeschreven-wat-nu\/\">Vous \u00eates inscrit. Et maintenant ?<\/a><\/p>\n\n<h2 class=\"wp-block-heading\">O\u00f9 commence et o\u00f9 finit le parcours ?<\/h2>\n\n<p><strong>D\u00e9part et arriv\u00e9e pour les parcours de 7, 15, 24 et 32 km<\/strong><br\/>Maerlant Atheneum<br\/>Vredelaan ; Blankenberge (<a href=\"https:\/\/www.google.be\/maps\/search\/51.309237,+3.126236?entry=tts&amp;g_ep=EgoyMDI2MDMyNC4wIPu8ASoASAFQAw%3D%3D&amp;skid=18ed0986-88d9-4568-8dca-602c8762c8e4\">carte<\/a>)<\/p>\n\n<p><strong>D\u00e9part du 50 km le samedi<\/strong><br\/>Margaretacentrum<br\/>Lippensplein 1a ; Knokke-Heist (<a href=\"https:\/\/www.google.com\/maps\/place\/Margaretacentrum\/@51.3408067,3.2870507,18z\/data=!4m6!3m5!1s0x47c4a7bae204e203:0xcc3eae4051680917!8m2!3d51.3415513!4d3.2869626!16s%2Fg%2F11hdz8bthv?entry=tts&amp;g_ep=EgoyMDI2MDMyNC4wIPu8ASoASAFQAw%3D%3D&amp;skid=4a8dc7e2-24d0-4f8d-a9b9-cebcabfe272c\">carte<\/a>)<br\/>\u00e0 proximit\u00e9 de la gare de Knokke<\/p>\n\n<p><strong>Arriv\u00e9e 50 km<\/strong><br\/>Maerlant Atheneum<br\/>Vredelaan ; Blankenberge (<a href=\"https:\/\/www.google.be\/maps\/search\/51.309237,+3.126236?entry=tts&amp;g_ep=EgoyMDI2MDMyNC4wIPu8ASoASAFQAw%3D%3D&amp;skid=18ed0986-88d9-4568-8dca-602c8762c8e4\">carte<\/a>)<\/p>\n\n<h2 class=\"wp-block-heading\">Heures de d\u00e9part<\/h2>\n\n<p>Vous pouvez commencer \u00e0 partir de :<\/p>\n\n<ul class=\"wp-block-list\">\n<li>50 km : de 7 h \u00e0 8 h 30, uniquement le samedi<\/li>\n\n\n\n<li>32 km : de 8 h \u00e0 10 h, uniquement le dimanche<\/li>\n\n\n\n<li>24 km : de 8 h \u00e0 11 h<\/li>\n\n\n\n<li>15 km : de 9 h \u00e0 15 h<\/li>\n\n\n\n<li>7 km : de 9 h \u00e0 15 h<\/li>\n<\/ul>\n\n<p>Le point d&rsquo;arriv\u00e9e est ouvert de 10 h \u00e0 18 h.<br\/>Le samedi, le point d&rsquo;arriv\u00e9e reste ouvert jusqu&rsquo;\u00e0 19 h pour le 50 km.<\/p>\n\n<h2 class=\"wp-block-heading\">Parcoursplannen<\/h2>\n\n<figure class=\"wp-block-image size-full\"><img data-recalc-dims=\"1\" loading=\"lazy\" decoding=\"async\" width=\"580\" height=\"326\" src=\"https:\/\/i0.wp.com\/www.2daagse.be\/wp-content\/uploads\/2026\/04\/2026-Parcours-768-x-432.png?resize=580%2C326&#038;ssl=1\" alt=\"Tweedaagse Voettocht Blankenberge - Parcours\" class=\"wp-image-7680\" srcset=\"https:\/\/i0.wp.com\/www.2daagse.be\/wp-content\/uploads\/2026\/04\/2026-Parcours-768-x-432.png?w=768&amp;ssl=1 768w, https:\/\/i0.wp.com\/www.2daagse.be\/wp-content\/uploads\/2026\/04\/2026-Parcours-768-x-432.png?resize=300%2C169&amp;ssl=1 300w\" sizes=\"auto, (max-width: 580px) 100vw, 580px\" \/><\/figure>\n\n<p>Vous trouverez les plans des parcours sur la page <strong><a href=\"https:\/\/www.2daagse.be\/fr\/infos-pratiques\/parcours\/\" data-type=\"page\" data-id=\"169\">Parcours.<\/a><\/strong><\/p>\n\n<p>Vous y trouverez \u00e9galement :<\/p>\n\n<ul class=\"wp-block-list\">\n<li>les itin\u00e9raires disponibles sur RouteYou que vous pouvez t\u00e9l\u00e9charger<\/li>\n\n\n\n<li>la liste des aires de repos avec leurs horaires d&rsquo;ouverture<\/li>\n\n\n\n<li>les points de contr\u00f4le et les ravitaillements<\/li>\n<\/ul>\n\n<p>N&rsquo;oubliez pas de consulter ces informations avant votre d\u00e9part.<\/p>\n\n<p><a href=\"https:\/\/www.2daagse.be\/fr\/infos-pratiques\/parcours\/\">Parcours et plans des parcours<\/a><\/p>\n\n<h2 class=\"wp-block-heading\">Rustposten en openingsuren<\/h2>\n\n<figure class=\"wp-block-image size-full\"><img data-recalc-dims=\"1\" loading=\"lazy\" decoding=\"async\" width=\"580\" height=\"326\" src=\"https:\/\/i0.wp.com\/www.2daagse.be\/wp-content\/uploads\/2026\/04\/2026-Rustposten-768-x-432.png?resize=580%2C326&#038;ssl=1\" alt=\"Randonn&#xE9;e de Deux Jourrs Blankenberge - Aires de repos parcours\" class=\"wp-image-7610\" srcset=\"https:\/\/i0.wp.com\/www.2daagse.be\/wp-content\/uploads\/2026\/04\/2026-Rustposten-768-x-432.png?w=768&amp;ssl=1 768w, https:\/\/i0.wp.com\/www.2daagse.be\/wp-content\/uploads\/2026\/04\/2026-Rustposten-768-x-432.png?resize=300%2C169&amp;ssl=1 300w\" sizes=\"auto, (max-width: 580px) 100vw, 580px\" \/><\/figure>\n\n<p>La liste des points de repos et leurs horaires d&rsquo;ouverture est disponible en ligne sur <a href=\"https:\/\/www.2daagse.be\/fr\/2026\/04\/26\/aires-de-repos\/\" data-type=\"post\" data-id=\"7574\">Aires de repos<\/a>.<\/p>\n\n<p>N&rsquo;oublie pas de v\u00e9rifier cela avant de partir, car les points de ravitaillement ouvrent et ferment en fonction des diff\u00e9rentes distances et des horaires de passage.<\/p>\n\n<p>Voici ce qu&rsquo;il faut savoir \u00e0 l&rsquo;avance :<\/p>\n\n<ul class=\"wp-block-list\">\n<li>o\u00f9 se trouvent les aires de repos et leurs horaires d&rsquo;ouverture<\/li>\n\n\n\n<li>o\u00f9 se trouvent les toilettes<\/li>\n\n\n\n<li>l\u00e0 o\u00f9 un ravitaillement est pr\u00e9vu<\/li>\n\n\n\n<li>o\u00f9 vous pourrez vous-m\u00eame faire quelques achats dans notre boutique de la Randonn\u00e9e ou dans l&rsquo;un des nombreux \u00e9tablissements situ\u00e9s le long du parcours<\/li>\n<\/ul>\n\n<p>Attention : un point de repos peut d\u00e9j\u00e0 \u00eatre ferm\u00e9 si vous partez plus tard que pr\u00e9vu ou si vous avancez plus lentement que ne le permet l&rsquo;horaire.<\/p>\n\n<p><a href=\"https:\/\/www.2daagse.be\/fr\/2026\/04\/26\/aires-de-repos\/\">Consultez les aires de repos et les horaires d&rsquo;ouverture<\/a><\/p>\n\n<h2 class=\"wp-block-heading\">Bus pour le 50 km<\/h2>\n\n<figure class=\"wp-block-image size-large\"><img data-recalc-dims=\"1\" loading=\"lazy\" decoding=\"async\" width=\"580\" height=\"326\" src=\"https:\/\/i0.wp.com\/www.2daagse.be\/wp-content\/uploads\/2026\/03\/1.png?resize=580%2C326&#038;ssl=1\" alt=\"Tweedaagse Voettocht Blankenberge - bussen\" class=\"wp-image-7331\" srcset=\"https:\/\/i0.wp.com\/www.2daagse.be\/wp-content\/uploads\/2026\/03\/1.png?resize=1024%2C576&amp;ssl=1 1024w, https:\/\/i0.wp.com\/www.2daagse.be\/wp-content\/uploads\/2026\/03\/1.png?resize=300%2C169&amp;ssl=1 300w, https:\/\/i0.wp.com\/www.2daagse.be\/wp-content\/uploads\/2026\/03\/1.png?resize=768%2C432&amp;ssl=1 768w, https:\/\/i0.wp.com\/www.2daagse.be\/wp-content\/uploads\/2026\/03\/1.png?resize=1536%2C864&amp;ssl=1 1536w, https:\/\/i0.wp.com\/www.2daagse.be\/wp-content\/uploads\/2026\/03\/1.png?resize=1200%2C675&amp;ssl=1 1200w, https:\/\/i0.wp.com\/www.2daagse.be\/wp-content\/uploads\/2026\/03\/1.png?w=1920&amp;ssl=1 1920w, https:\/\/i0.wp.com\/www.2daagse.be\/wp-content\/uploads\/2026\/03\/1.png?w=1740&amp;ssl=1 1740w\" sizes=\"auto, (max-width: 580px) 100vw, 580px\" \/><\/figure>\n\n<p>Pour les 50 km du samedi, les bus partent de Blankenberge vers Knokke.<\/p>\n\n<ul class=\"wp-block-list\">\n<li>Point de d\u00e9part : H\u00f4tel de ville de Blankenberge, J.F. Kennedyplein 1 (<a href=\"https:\/\/www.google.be\/maps\/place\/Stadhuis+Blankenberge\/@51.3110196,3.1317649,238m\/data=!3m1!1e3!4m6!3m5!1s0x47c4aa7be5675783:0x2eb42abc9a59b862!8m2!3d51.3109425!4d3.1323577!16s%2Fg%2F1tj7d6_c?entry=tts&amp;g_ep=EgoyMDI2MDMyNC4wIPu8ASoASAFQAw%3D%3D&amp;skid=3d074ae4-1ad7-475b-b59d-4980fc6400cc\">carte<\/a>)<\/li>\n\n\n\n<li>d\u00e9part : 6 h 30 pr\u00e9cises<\/li>\n\n\n\n<li>uniquement pour ceux qui ont r\u00e9serv\u00e9 le transport en bus \u00e0 l&rsquo;avance<\/li>\n<\/ul>\n\n<p><strong>Il n&rsquo;est plus possible d&rsquo;effectuer de nouvelles r\u00e9servations pour le transport en bus.<\/strong><\/p>\n\n<p>N&rsquo;oublie pas d&rsquo;apporter votre confirmation avec le code QR ou de venir chercher votre bon de bus en m\u00eame temps que votre carte de d\u00e9part vendredi.<\/p>\n\n<h2 class=\"wp-block-heading\">Bagages au 50 km<\/h2>\n\n<p>Vous prennez le d\u00e9part du 50 km \u00e0 Knokke et vous avez des bagages avec vous ?<\/p>\n\n<p>Vous pouvez alors laisser vos bagages \u00e0 Knokke.<br\/>Nous nous chargeons de les transporter jusqu&rsquo;\u00e0 Blankenberge.<\/p>\n\n<h2 class=\"wp-block-heading\">T-shirt<\/h2>\n\n<figure class=\"wp-block-image size-full\"><img data-recalc-dims=\"1\" loading=\"lazy\" decoding=\"async\" width=\"580\" height=\"326\" src=\"https:\/\/i0.wp.com\/www.2daagse.be\/wp-content\/uploads\/2026\/04\/2026-badge-medaille-t-shirt-768-x-432-px.png?resize=580%2C326&#038;ssl=1\" alt=\"Randonn&#xE9;e de Deux Jours &#xE0; Blankenberge - T-shirt, badge et m&#xE9;daille &#xE0; l'effigie de la ferme &#xAB; 't Klokhof &#xBB; &#xE0; Uitkerke\" class=\"wp-image-7683\" srcset=\"https:\/\/i0.wp.com\/www.2daagse.be\/wp-content\/uploads\/2026\/04\/2026-badge-medaille-t-shirt-768-x-432-px.png?w=768&amp;ssl=1 768w, https:\/\/i0.wp.com\/www.2daagse.be\/wp-content\/uploads\/2026\/04\/2026-badge-medaille-t-shirt-768-x-432-px.png?resize=300%2C169&amp;ssl=1 300w\" sizes=\"auto, (max-width: 580px) 100vw, 580px\" \/><\/figure>\n\n<p>Avez-vous command\u00e9 un t-shirt ?<\/p>\n\n<p>Vous pouvez alors venir le chercher :<\/p>\n\n<ul class=\"wp-block-list\">\n<li>vendredi \u00e0 Blankenberge, avec votre carte de d\u00e9part<\/li>\n\n\n\n<li>ou \u00e0 la fin de la randonn\u00e9e, \u00e0 la boutique de la Randonn\u00e9e \u00e0 Blankenberge.<\/li>\n<\/ul>\n\n<p>N&rsquo;oubliez pas d&rsquo;apporter votre confirmation avec le code QR.<\/p>\n\n<p>Vous n&rsquo;avez pas command\u00e9 de t-shirt ? Il en reste encore quelques-uns \u00e0 vendre dans notre boutique de la Randonn\u00e9e situ\u00e9e au d\u00e9part\/\u00e0 l&rsquo;arriv\u00e9e. <\/p>\n\n<h2 class=\"wp-block-heading\">Passer la nuit dans le cadre de la Randonn\u00e9e de Deux Jours<\/h2>\n\n<figure class=\"wp-block-image size-full\"><img data-recalc-dims=\"1\" loading=\"lazy\" decoding=\"async\" width=\"580\" height=\"327\" src=\"https:\/\/i0.wp.com\/www.2daagse.be\/wp-content\/uploads\/2024\/04\/slaap.jpg?resize=580%2C327&#038;ssl=1\" alt=\"\" class=\"wp-image-3862\" srcset=\"https:\/\/i0.wp.com\/www.2daagse.be\/wp-content\/uploads\/2024\/04\/slaap.jpg?w=680&amp;ssl=1 680w, https:\/\/i0.wp.com\/www.2daagse.be\/wp-content\/uploads\/2024\/04\/slaap.jpg?resize=300%2C169&amp;ssl=1 300w\" sizes=\"auto, (max-width: 580px) 100vw, 580px\" \/><\/figure>\n\n<p>Avez-vous r\u00e9serv\u00e9 une nuit\u00e9e dans le cadre de la Randonn\u00e9e ?<\/p>\n\n<p>Le lieu d&rsquo;h\u00e9bergement se trouve dans les installations sportives de <strong>Sint-Jozef Sint-Pieter<\/strong> \u00e0 Blankenberge (Weststraat 86 ; Blankenberge &#8211; <a href=\"https:\/\/maps.app.goo.gl\/L6yYQPWyy8quwuPr8\" target=\"_blank\" rel=\"noreferrer noopener\">carte<\/a>), \u00e0 moins de 500 m\u00e8tres du d\u00e9part et de l&rsquo;arriv\u00e9e.<\/p>\n\n<p><\/p>\n\n<p>L&rsquo;accomodation est ouvert :<\/p>\n\n<ul class=\"wp-block-list\">\n<li>du vendredi 1er mai \u00e0 17 h au samedi \u00e0 9 h 30<\/li>\n\n\n\n<li>du samedi 2 mai \u00e0 17 h au dimanche \u00e0 9 h 30<\/li>\n<\/ul>\n\n<p>Important :<\/p>\n\n<ul class=\"wp-block-list\">\n<li>Il est indispensable d&rsquo;apporter son propre sac de couchage et son lit de camp<\/li>\n\n\n\n<li>Des douches sont disponibles aux heures pr\u00e9vues<\/li>\n\n\n\n<li>Il n&rsquo;y a pas de place de stationnement pr\u00e8s du lieu d&rsquo;h\u00e9bergement<\/li>\n\n\n\n<li>Il est interdit de fumer partout, \u00e0 l&rsquo;int\u00e9rieur comme \u00e0 l&rsquo;ext\u00e9rieur<\/li>\n<\/ul>\n\n<p>Le petit-d\u00e9jeuner et le panier-repas sont inclus pour les personnes ayant r\u00e9serv\u00e9 cette formule. Vous recevrez les bons correspondants lors du retrait de votre carte de d\u00e9part vendredi. <\/p>\n\n<p>Vous trouverez plus d&rsquo;informations pratiques sur <a href=\"https:\/\/www.2daagse.be\/fr\/sinscrire\/je-bent-ingeschreven-wat-nu\/\">Vous \u00eates inscrit. Et maintenant ?<\/a><\/p>\n\n<h2 class=\"wp-block-heading\">Vous cherchez encore un h\u00e9bergement ?<\/h2>\n\n<p>Vous n&rsquo;avez pas encore r\u00e9serv\u00e9 d&rsquo;h\u00e9bergement, mais vous souhaitez tout de m\u00eame passer la nuit \u00e0 Blankenberge ?<\/p>\n\n<p>Sur notre site web, vous trouverez une liste d&rsquo;h\u00f4tels, de campings et de g\u00eetes, accompagn\u00e9e d&rsquo;informations destin\u00e9es aux randonneurs.<\/p>\n\n<p><a href=\"https:\/\/www.2daagse.be\/fr\/infos-pratiques\/passer-la-nuit\/\">H\u00e9bergement pendant les deux jours<\/a><\/p>\n\n<h2 class=\"wp-block-heading\">Inscription sur place<\/h2>\n\n<p>Il n&rsquo;est plus possible de s&rsquo;inscrire \u00e0 l&rsquo;avance.<\/p>\n\n<p>L&rsquo;inscription sur place n&rsquo;est plus possible que pour :<\/p>\n\n<ul class=\"wp-block-list\">\n<li>7 km<\/li>\n\n\n\n<li>15 km<\/li>\n<\/ul>\n\n<p>Pour les courses de 24, 32 et 50 km, il n&rsquo;est pas possible de s&rsquo;inscrire sur place.<\/p>\n\n<p><a href=\"https:\/\/www.2daagse.be\/fr\/sinscrire\/\">Plus d&rsquo;informations sur l&rsquo;inscription<\/a><\/p>\n\n<h2 class=\"wp-block-heading\">Accessibilit\u00e9 et stationnement<\/h2>\n\n<figure class=\"wp-block-image size-large\"><img data-recalc-dims=\"1\" loading=\"lazy\" decoding=\"async\" width=\"580\" height=\"326\" src=\"https:\/\/i0.wp.com\/www.2daagse.be\/wp-content\/uploads\/2023\/01\/start-en-aankomstplaats.jpg?resize=580%2C326&#038;ssl=1\" alt=\"Lieu de d&#xE9;part et d'arriv&#xE9;e de la Randonn&#xE9;e de Deux Jours &#xE0; Blankenberge\" class=\"wp-image-325\" srcset=\"https:\/\/i0.wp.com\/www.2daagse.be\/wp-content\/uploads\/2023\/01\/start-en-aankomstplaats.jpg?resize=1024%2C576&amp;ssl=1 1024w, https:\/\/i0.wp.com\/www.2daagse.be\/wp-content\/uploads\/2023\/01\/start-en-aankomstplaats.jpg?resize=300%2C169&amp;ssl=1 300w, https:\/\/i0.wp.com\/www.2daagse.be\/wp-content\/uploads\/2023\/01\/start-en-aankomstplaats.jpg?resize=768%2C432&amp;ssl=1 768w, https:\/\/i0.wp.com\/www.2daagse.be\/wp-content\/uploads\/2023\/01\/start-en-aankomstplaats.jpg?resize=1536%2C864&amp;ssl=1 1536w, https:\/\/i0.wp.com\/www.2daagse.be\/wp-content\/uploads\/2023\/01\/start-en-aankomstplaats.jpg?resize=1200%2C675&amp;ssl=1 1200w, https:\/\/i0.wp.com\/www.2daagse.be\/wp-content\/uploads\/2023\/01\/start-en-aankomstplaats.jpg?w=1920&amp;ssl=1 1920w, https:\/\/i0.wp.com\/www.2daagse.be\/wp-content\/uploads\/2023\/01\/start-en-aankomstplaats.jpg?w=1740&amp;ssl=1 1740w\" sizes=\"auto, (max-width: 580px) 100vw, 580px\" \/><\/figure>\n\n<p><strong>Vous venez en train ?<\/strong><\/p>\n\n<p>Oubliez les probl\u00e8mes de congestion et de stationnement. Faites le bon choix et venez aux La Randonn\u00e9e de Deux Jours en train ! La gare de Blankenberge se trouve \u00e0 quelques minutes de marche du point de d\u00e9part. Le week-end, vous b\u00e9n\u00e9ficiez d&rsquo;une r\u00e9duction de 30 % sur votre aller-retour, et avec Train+, vous profitez d&rsquo;une r\u00e9duction suppl\u00e9mentaire ! Si vous avez moins de 26 ans ou plus de 65 ans, vous voyagez avec une r\u00e9duction de 40 % sur votre aller-retour. Avec Train+, vouz ne payez d&rsquo;ailleurs jamais plus de 5,50 \u20ac (en 2e classe) par trajet.  <\/p>\n\n<p>Vous pouvez facilement trouver les horaires avec <a href=\"https:\/\/www.belgiantrain.be\/nl\">le planificateur d&rsquo;itin\u00e9raire pratique sur sncb.be<\/a> ou dans l&rsquo;application gratuite de la SNCB.<\/p>\n\n<p><strong>De Lijn \u2013 De Kusttram of bus<\/strong><\/p>\n\n<p>Le lieu de d\u00e9part se trouve \u00e0 environ 400 m\u00e8tres de <a href=\"https:\/\/www.google.be\/maps\/dir\/51.3134822,3.125377\/Blankenberge+Park\/@51.3129653,3.1228656,17z\/data=!4m9!4m8!1m0!1m5!1m1!1s0x47c4aa871d508749:0x846d39195ad7cd47!2m2!1d3.122381!2d51.312662!3e2?hl=nl\" target=\"_blank\" rel=\"noreferrer noopener\">l&rsquo;arr\u00eat de tramway de la marina (arr\u00eat \u00ab\u00a0Park\u00a0\u00bb)<\/a> ou \u00e0 moins de 500 m\u00e8tres <a href=\"https:\/\/www.google.be\/maps\/dir\/Blankenberge+Station+Perron+2\/Grote+Markt,+8370+Blankenberge\/@51.314132,3.1266623,17z\/data=!4m19!4m18!1m10!1m1!1s0x47c4aa7b76e7c921:0x69eec8b9be094f79!2m2!1d3.132689!2d51.31339!3m4!1m2!1d3.1292344!2d51.3151907!3s0x47c4aa7cdafab349:0x7c65c77bfa9d0e45!1m5!1m1!1s0x47c4aa877f881851:0x842b6bb44b8112a!2m2!1d3.1251767!2d51.3133916!3e2?hl=nl\" target=\"_blank\" rel=\"noreferrer noopener\">de l&rsquo;arr\u00eat de la gare ferroviaire (arr\u00eat \u00ab\u00a0Station\u00a0\u00bb)<\/a>.<\/p>\n\n<p><a href=\"https:\/\/www.google.be\/maps\/dir\/51.3130694,3.1260517\/Blankenberge+Grote+Markt\/@51.3126562,3.1247184,17z\/data=!4m9!4m8!1m0!1m5!1m1!1s0x47c4aa8765a9a0a9:0xf57473def6b84428!2m2!1d3.124811!2d51.312462!3e2?hl=nl\" target=\"_blank\" rel=\"noreferrer noopener\">L&rsquo;arr\u00eat de bus de la Grand Place<\/a> est proche du point de d\u00e9part et d&rsquo;arriv\u00e9e de la Randonn\u00e9e de Deux Jours. <\/p>\n\n<p>Pour les horaires, veuillez consulter le site web de <a rel=\"noreferrer noopener\" href=\"http:\/\/www.delijn.be\/nl\/routeplanner\/\" target=\"_blank\">De Lijn<\/a>.<\/p>\n\n<p><strong>Vous venez en v\u00e9lo ?<\/strong><\/p>\n\n<p>Au point de d\u00e9part, nous pr\u00e9voyons suffisamment d&rsquo;espace pour garer votre v\u00e9lo.<\/p>\n\n<p><strong>Vous venez en autocar ?<\/strong><\/p>\n\n<p>Il est pr\u00e9f\u00e9rable de faire descendre les randonneurs \u00e0 la mairie de Blankenberge (Place John F. Kennedy 1 ; Blankenberge &#8211; <a href=\"https:\/\/maps.app.goo.gl\/UrrVLWkZkYYfBLXZ9\">carte<\/a>)<\/p>\n\n<p>C&rsquo;est \u00e0 environ 5 minutes \u00e0 pied du point de d\u00e9part.<\/p>\n\n<p><strong>Vous venez en voiture ?<\/strong><\/p>\n\n<p>Pr\u00e9voyez de l&rsquo;affluence \u00e0 Blankenberge.<\/p>\n\n<ul class=\"wp-block-list\">\n<li>La plupart des places de stationnement sont payantes<\/li>\n\n\n\n<li>Vous pouvez \u00e9galement vous garer \u00e0 Wenduine ou \u00e0 Zeebrugge.<br\/>De l\u00e0, vous pouvez prendre le tram jusqu&rsquo;\u00e0 Blankenberge.<br\/>Le tram s&rsquo;arr\u00eate \u00e0 quelques minutes \u00e0 pied du d\u00e9part.<\/li>\n<\/ul>\n\n<p>Pour plus d&rsquo;informations sur le stationnement et les lieux, consultez la rubrique \u00ab <a href=\"https:\/\/www.2daagse.be\/fr\/infos-pratiques\/comment-sy-rendre\/\">Comment s&rsquo;y rendre ?<\/a> \u00bb<\/p>\n\n<h2 class=\"wp-block-heading\">Sur la route<\/h2>\n\n<p>En chemin, il y a des points de repos et des ravitaillements.<\/p>\n\n<p>N&rsquo;oubliez surtout pas d&#8217;emporter vous-m\u00eame :<\/p>\n\n<ul class=\"wp-block-list\">\n<li>suffisamment d&rsquo;eau ou au moins une gourde.<br\/>(Petit indice : nous proposons \u00e9galement de beaux mod\u00e8les dans notre boutique Tweedaagse \u00e0 Blankenberge)<\/li>\n\n\n\n<li>\u00e9ventuellement un petit quelque chose \u00e0 manger ;<\/li>\n\n\n\n<li>tenue adapt\u00e9e ;<\/li>\n\n\n\n<li>une protection solaire ou des v\u00eatements de pluie, selon la m\u00e9t\u00e9o ;<\/li>\n\n\n\n<li>un smartphone charg\u00e9 si vous utilisez le plan du parcours au format num\u00e9rique ;<\/li>\n<\/ul>\n\n<h2 class=\"wp-block-heading\">\u00c0 votre arriv\u00e9e<\/h2>\n\n<p>D\u00e8s votre arriv\u00e9e, nous vous r\u00e9servons l&rsquo;ambiance chaleureuse qui caract\u00e9rise notre Randonn\u00e9e de Deux Jours.<\/p>\n\n<p>\u00c0 ton arriv\u00e9e, vous recevrez ton badge et\/ou ta m\u00e9daille, un sandwich au poisson fra\u00eechement pr\u00e9par\u00e9 et une canette de Filou.<\/p>\n\n<p>L&rsquo;ambiance est au rendez-vous avec des discoth\u00e8ques, des animations et des spectacles. Nos invit\u00e9s de \u00ab La Randonn\u00e9e 4 Jours \u00bb \u00e0 Chantonnay apportent une touche de couleur locale avec leur \u00ab Dance de la brioche \u00bb et des d\u00e9gustations de cette brioche ainsi que de leur vin r\u00e9gional. <\/p>\n\n<p>En in onze bar serveren we <strong>ons eigen \u00ab\u00a0Toontjes\u00a0\u00bb-bier<\/strong>. Een super verfrissende blonde pils. <\/p>\n\n<h2 class=\"wp-block-heading\"><strong>Inclus pour les randonneurs inscrits :<\/strong><\/h2>\n\n<ul class=\"wp-block-list\">\n<li>un approvisionnement suffisant pendant le trajet<\/li>\n\n\n\n<li>un badge unique en souvenir<\/li>\n\n\n\n<li>m\u00e9daille pour ceux qui marchent pendant deux jours<\/li>\n\n\n\n<li>un poisson fra\u00eechement cuit \u00e0 l&rsquo;arriv\u00e9e<\/li>\n\n\n\n<li>verzekering<\/li>\n<\/ul>\n\n<h2 class=\"wp-block-heading\">Honden<\/h2>\n\n<p>Les chiens sont les bienvenus sur le parcours.<\/p>\n\n<p>Remarquez :<\/p>\n\n<ul class=\"wp-block-list\">\n<li>toujours en laisse<\/li>\n\n\n\n<li>prenez vous-m\u00eame des sacs pour ramasser les crottes de chien<\/li>\n\n\n\n<li>Pr\u00e9voyez vous-m\u00eame suffisamment de nourriture et d&rsquo;eau pour votre chien<\/li>\n<\/ul>\n\n<h2 class=\"wp-block-heading\">Des questions ?<\/h2>\n\n<p>N&rsquo;h\u00e9sitez pas \u00e0 consulter notre site web <a href=\"https:\/\/www.2daagse.be\/fr\/\">www.2daagse.be<\/a><\/p>\n\n<p>Ou contactez-nous \u00e0 l&rsquo;adresse <a href=\"mailto:info@2daagse.be\">info@2daagse.be<\/a><\/p>\n\n<p>Nous avons h\u00e2te de vous accueillir \u00e0 Blankenberge.<\/p>\n\n<p>\u00c0 bient\u00f4t !<\/p>\n\n<p>L&rsquo;\u00e9quipe de la Randonn\u00e9e de Deux Jours de Blankenberge<\/p>\n","protected":false},"excerpt":{"rendered":"<p>Nous serons ravis de vous accueillir prochainement \u00e0 la 54e \u00e9dition de la Randonn\u00e9e de Deux Jours de Blankenberge. Vous trouverez ci-dessous un bref aper\u00e7u des principales informations pratiques. Chercher votre carte de d\u00e9part Vous vous \u00eates pr\u00e9inscrit ? Dans ce cas, vous devez encore venir retirer votre carte de d\u00e9part. En plus de ta [&hellip;]<\/p>\n","protected":false},"author":2,"featured_media":7688,"comment_status":"closed","ping_status":"closed","sticky":false,"template":"templates\/template-full-width.php","format":"standard","meta":{"footnotes":""},"categories":[130,4],"tags":[21,175,152],"class_list":["post-7687","post","type-post","status-publish","format-standard","has-post-thumbnail","hentry","category-nieuws-fr","category-non-classifiee","tag-featured-fr","tag-mailing","tag-nieuws-fr"],"jetpack_featured_media_url":"https:\/\/i0.wp.com\/www.2daagse.be\/wp-content\/uploads\/2026\/04\/Laatste-Info-768-x-432.png?fit=768%2C432&ssl=1","_links":{"self":[{"href":"https:\/\/www.2daagse.be\/fr\/wp-json\/wp\/v2\/posts\/7687","targetHints":{"allow":["GET"]}}],"collection":[{"href":"https:\/\/www.2daagse.be\/fr\/wp-json\/wp\/v2\/posts"}],"about":[{"href":"https:\/\/www.2daagse.be\/fr\/wp-json\/wp\/v2\/types\/post"}],"author":[{"embeddable":true,"href":"https:\/\/www.2daagse.be\/fr\/wp-json\/wp\/v2\/users\/2"}],"replies":[{"embeddable":true,"href":"https:\/\/www.2daagse.be\/fr\/wp-json\/wp\/v2\/comments?post=7687"}],"version-history":[{"count":3,"href":"https:\/\/www.2daagse.be\/fr\/wp-json\/wp\/v2\/posts\/7687\/revisions"}],"predecessor-version":[{"id":7702,"href":"https:\/\/www.2daagse.be\/fr\/wp-json\/wp\/v2\/posts\/7687\/revisions\/7702"}],"wp:featuredmedia":[{"embeddable":true,"href":"https:\/\/www.2daagse.be\/fr\/wp-json\/wp\/v2\/media\/7688"}],"wp:attachment":[{"href":"https:\/\/www.2daagse.be\/fr\/wp-json\/wp\/v2\/media?parent=7687"}],"wp:term":[{"taxonomy":"category","embeddable":true,"href":"https:\/\/www.2daagse.be\/fr\/wp-json\/wp\/v2\/categories?post=7687"},{"taxonomy":"post_tag","embeddable":true,"href":"https:\/\/www.2daagse.be\/fr\/wp-json\/wp\/v2\/tags?post=7687"}],"curies":[{"name":"wp","href":"https:\/\/api.w.org\/{rel}","templated":true}]}}